{"id":4505,"date":"2023-05-31T13:08:32","date_gmt":"2023-05-31T11:08:32","guid":{"rendered":"https:\/\/disabledrefugeeswelcome.se\/?p=4505"},"modified":"2023-05-31T17:09:17","modified_gmt":"2023-05-31T15:09:17","slug":"fina-tal-om-mangfald-men-funktionsnedsattning-nastan-osynligt","status":"publish","type":"post","link":"https:\/\/disabledrefugeeswelcome.se\/ar\/2023\/05\/fina-tal-om-mangfald-men-funktionsnedsattning-nastan-osynligt\/","title":{"rendered":"(Svenska) Fina tal om m\u00e5ngfald &#8211; men funktionsneds\u00e4ttning n\u00e4stan osynligt"},"content":{"rendered":"<p class=\"qtranxs-available-languages-message qtranxs-available-languages-message-ar\">\u0639\u0641\u0648\u0627\u060c \u0647\u0630\u0647 \u0627\u0644\u0645\u062f\u062e\u0644\u0629 \u0645\u0648\u062c\u0648\u062f\u0629 \u0641\u0642\u0637 \u0641\u064a <a href=\"https:\/\/disabledrefugeeswelcome.se\/sv\/wp-json\/wp\/v2\/posts\/4505\" class=\"qtranxs-available-language-link qtranxs-available-language-link-sv\" title=\"Svenska\">Svenska<\/a>.<\/p>","protected":false},"excerpt":{"rendered":"<p>\u0639\u0641\u0648\u0627\u060c \u0647\u0630\u0647 \u0627\u0644\u0645\u062f\u062e\u0644\u0629 \u0645\u0648\u062c\u0648\u062f\u0629 \u0641\u0642\u0637 \u0641\u064a Svenska.<\/p>\n","protected":false},"author":10,"featured_media":4506,"comment_status":"open","ping_status":"open","sticky":false,"template":"","format":"standard","meta":{"jetpack_post_was_ever_published":false,"_jetpack_newsletter_access":"","_jetpack_dont_email_post_to_subs":false,"_jetpack_newsletter_tier_id":0,"_jetpack_memberships_contains_paywalled_content":false,"_jetpack_memberships_contains_paid_content":false,"footnotes":"","jetpack_publicize_message":"Fina tal om m\u00e5ngfald - men funktionsneds\u00e4ttning n\u00e4stan osynligt.\r\nF\u00f6rra veckan var  Disabled Refugees Welcome \u2013 R\u00e4tten Till arbete p\u00e5 en jobbfestival p\u00e5 tema m\u00e5ngfald och inkludering. Mycket var bra men man hade dessv\u00e4rre tappat funktionsr\u00e4ttsperspektivet. F\u00f6lj l\u00e4nken och l\u00e4s mer!","jetpack_publicize_feature_enabled":true,"jetpack_social_post_already_shared":true,"jetpack_social_options":{"image_generator_settings":{"template":"highway","default_image_id":0,"font":"","enabled":false},"version":2}},"categories":[7],"tags":[78,73,36,75,92,68,93,70],"class_list":["post-4505","post","type-post","status-publish","format-standard","has-post-thumbnail","hentry","category-projektnyheter","tag-aktiviteter","tag-arbete","tag-disabled-refugees-welcome","tag-inkludering","tag-mangfald","tag-plugga-universitet","tag-rekrytering","tag-utbildning"],"jetpack_publicize_connections":[],"jetpack_featured_media_url":"https:\/\/disabledrefugeeswelcome.se\/wp-content\/uploads\/2023\/05\/jobbfestival_kungsan_maj-2023-scenen1-scaled.jpg","jetpack_sharing_enabled":true,"jetpack_shortlink":"https:\/\/wp.me\/p9IOMJ-1aF","_links":{"self":[{"href":"https:\/\/disabledrefugeeswelcome.se\/ar\/wp-json\/wp\/v2\/posts\/4505","targetHints":{"allow":["GET"]}}],"collection":[{"href":"https:\/\/disabledrefugeeswelcome.se\/ar\/wp-json\/wp\/v2\/posts"}],"about":[{"href":"https:\/\/disabledrefugeeswelcome.se\/ar\/wp-json\/wp\/v2\/types\/post"}],"author":[{"embeddable":true,"href":"https:\/\/disabledrefugeeswelcome.se\/ar\/wp-json\/wp\/v2\/users\/10"}],"replies":[{"embeddable":true,"href":"https:\/\/disabledrefugeeswelcome.se\/ar\/wp-json\/wp\/v2\/comments?post=4505"}],"version-history":[{"count":5,"href":"https:\/\/disabledrefugeeswelcome.se\/ar\/wp-json\/wp\/v2\/posts\/4505\/revisions"}],"predecessor-version":[{"id":4514,"href":"https:\/\/disabledrefugeeswelcome.se\/ar\/wp-json\/wp\/v2\/posts\/4505\/revisions\/4514"}],"wp:featuredmedia":[{"embeddable":true,"href":"https:\/\/disabledrefugeeswelcome.se\/ar\/wp-json\/wp\/v2\/media\/4506"}],"wp:attachment":[{"href":"https:\/\/disabledrefugeeswelcome.se\/ar\/wp-json\/wp\/v2\/media?parent=4505"}],"wp:term":[{"taxonomy":"category","embeddable":true,"href":"https:\/\/disabledrefugeeswelcome.se\/ar\/wp-json\/wp\/v2\/categories?post=4505"},{"taxonomy":"post_tag","embeddable":true,"href":"https:\/\/disabledrefugeeswelcome.se\/ar\/wp-json\/wp\/v2\/tags?post=4505"}],"curies":[{"name":"wp","href":"https:\/\/api.w.org\/{rel}","templated":true}]}}